{"id":1502,"date":"2024-02-22T16:05:33","date_gmt":"2024-02-22T15:05:33","guid":{"rendered":"https:\/\/inflancka4.pl\/?p=1502"},"modified":"2024-02-26T16:09:20","modified_gmt":"2024-02-26T15:09:20","slug":"wspolpraca-naszych-stomatologow-z-neurologopeda-holistyczne-podejscie-do-zdrowia-i-komfortu","status":"publish","type":"post","link":"https:\/\/inflancka4.pl\/index.php\/2024\/02\/22\/wspolpraca-naszych-stomatologow-z-neurologopeda-holistyczne-podejscie-do-zdrowia-i-komfortu\/","title":{"rendered":"Wsp\u00f3\u0142praca naszych stomatolog\u00f3w z neurologoped\u0105 &#8211; holistyczne podej\u015bcie do zdrowia i komfortu"},"content":{"rendered":"\n<p class=\"has-medium-font-size\">W Inflancka 4 Dental Clinic wierzymy, \u017ce zdrowie i komfort jamy ustnej s\u0105 nierozerwalnie zwi\u0105zane z prawid\u0142ow\u0105 funkcj\u0105 j\u0119zyka i mowy. Dlatego te\u017c z rado\u015bci\u0105 og\u0142aszamy nawi\u0105zanie <img decoding=\"async\" height=\"16\" width=\"16\" alt=\"&#x1f91d;\" src=\"https:\/\/static.xx.fbcdn.net\/images\/emoji.php\/v9\/tbd\/1.5\/16\/1f91d.png\">wsp\u00f3\u0142pracy z neurologoped\u0105 Pani\u0105 mgr Izabel\u0105 Dulsk\u0105, kt\u00f3ra poszerza zakres oferowanych przez nas us\u0142ug i pozwala na kompleksowe wsparcie pacjent\u00f3w w ka\u017cdym wieku. Pani Izabela Izabela jest neurologoped\u0105 <a><\/a>klinicznym (Uniwersytet Medyczny im. Piast\u00f3w \u015al\u0105skich we Wroc\u0142awiu) oraz absolwentk\u0105 kierunku logopedia z audiologi\u0105 (Uniwersytet \u0141\u00f3dzki). Pracuje z dzie\u0107mi z wadami wymowy, a tak\u017ce wspiera pacjent\u00f3w w trakcie leczenia ortodontycznego oraz stomatologicznego.<\/p>\n\n\n\n<p class=\"has-medium-font-size\">Dlaczego po\u0142\u0105czenie stomatologii i neurologopedii jest tak wa\u017cne?<img decoding=\"async\" height=\"16\" width=\"16\" alt=\"&#x2049;&#xfe0f;\" src=\"https:\/\/static.xx.fbcdn.net\/images\/emoji.php\/v9\/t73\/1.5\/16\/2049.png\"><\/p>\n\n\n\n<p class=\"has-medium-font-size\">Neurologopeda zajmuje si\u0119 diagnoz\u0105 i terapi\u0105 zaburze\u0144 mowy, j\u0119zyka, g\u0142osu i komunikacji, kt\u00f3re mog\u0105 mie\u0107 r\u00f3\u017cne pod\u0142o\u017ce, m.in. neurologiczne, anatomiczne, genetyczne, orofacjalne. Wsp\u00f3\u0142praca stomatologa z neurologoped\u0105 umo\u017cliwia dok\u0142adne zdiagnozowanie problemu i opracowanie spersonalizowanego planu terapii uwzgl\u0119dniaj\u0105cego potrzeby pacjenta w r\u00f3\u017cnych obszarach.<\/p>\n\n\n\n<p class=\"has-medium-font-size\">Jakie korzy\u015bci mo\u017ce przynie\u015b\u0107 taka wsp\u00f3\u0142praca?<\/p>\n\n\n\n<p class=\"has-medium-font-size\">Dla dzieci:<\/p>\n\n\n\n<p class=\"has-medium-font-size\"><img decoding=\"async\" height=\"16\" width=\"16\" alt=\"&#x1f9b7;\" src=\"https:\/\/static.xx.fbcdn.net\/images\/emoji.php\/v9\/t7f\/1.5\/16\/1f9b7.png\"> Wczesne wykrycie i terapia wad wymowy, takich jak seplenienie, rotacyzm, dyslalia,<\/p>\n\n\n\n<p class=\"has-medium-font-size\"><img decoding=\"async\" height=\"16\" width=\"16\" alt=\"&#x1f9b7;\" src=\"https:\/\/static.xx.fbcdn.net\/images\/emoji.php\/v9\/t7f\/1.5\/16\/1f9b7.png\"> Korekcja wad zgryzu i nieprawid\u0142owo\u015bci w u\u0142o\u017ceniu j\u0119zyka,<\/p>\n\n\n\n<p class=\"has-medium-font-size\"><img decoding=\"async\" height=\"16\" width=\"16\" alt=\"&#x1f9b7;\" src=\"https:\/\/static.xx.fbcdn.net\/images\/emoji.php\/v9\/t7f\/1.5\/16\/1f9b7.png\"> Poprawa umiej\u0119tno\u015bci po\u0142ykania,<\/p>\n\n\n\n<p class=\"has-medium-font-size\"><img decoding=\"async\" height=\"16\" width=\"16\" alt=\"&#x1f9b7;\" src=\"https:\/\/static.xx.fbcdn.net\/images\/emoji.php\/v9\/t7f\/1.5\/16\/1f9b7.png\"> Kszta\u0142towanie prawid\u0142owej mowy i komunikacji,<\/p>\n\n\n\n<p class=\"has-medium-font-size\"><img decoding=\"async\" height=\"16\" width=\"16\" alt=\"&#x1f9b7;\" src=\"https:\/\/static.xx.fbcdn.net\/images\/emoji.php\/v9\/t7f\/1.5\/16\/1f9b7.png\"> Wzrost pewno\u015bci siebie i komfortu \u017cycia.<\/p>\n\n\n\n<p class=\"has-medium-font-size\">Dla doros\u0142ych:<\/p>\n\n\n\n<p class=\"has-medium-font-size\"><img decoding=\"async\" height=\"16\" width=\"16\" alt=\"&#x1f9b7;\" src=\"https:\/\/static.xx.fbcdn.net\/images\/emoji.php\/v9\/t7f\/1.5\/16\/1f9b7.png\"> Poprawa artykulacji i dykcji,<\/p>\n\n\n\n<p class=\"has-medium-font-size\"><img decoding=\"async\" height=\"16\" width=\"16\" alt=\"&#x1f9b7;\" src=\"https:\/\/static.xx.fbcdn.net\/images\/emoji.php\/v9\/t7f\/1.5\/16\/1f9b7.png\"> Leczenie zaburze\u0144 g\u0142osu, np. chrypki, afazji,<\/p>\n\n\n\n<p class=\"has-medium-font-size\"><img decoding=\"async\" height=\"16\" width=\"16\" alt=\"&#x1f9b7;\" src=\"https:\/\/static.xx.fbcdn.net\/images\/emoji.php\/v9\/t7f\/1.5\/16\/1f9b7.png\"> Terapia po urazach twarzy i szyi,<\/p>\n\n\n\n<p class=\"has-medium-font-size\"><img decoding=\"async\" height=\"16\" width=\"16\" alt=\"&#x1f9b7;\" src=\"https:\/\/static.xx.fbcdn.net\/images\/emoji.php\/v9\/t7f\/1.5\/16\/1f9b7.png\"> Pomoc w radzeniu sobie z bruksizmem (zgrzytaniem z\u0119bami),<\/p>\n\n\n\n<p class=\"has-medium-font-size\"><img decoding=\"async\" height=\"16\" width=\"16\" alt=\"&#x1f9b7;\" src=\"https:\/\/static.xx.fbcdn.net\/images\/emoji.php\/v9\/t7f\/1.5\/16\/1f9b7.png\"> Zwi\u0119kszenie komfortu \u017cycia i pewno\u015bci siebie w kontaktach spo\u0142ecznych.<\/p>\n\n\n\n<p class=\"has-medium-font-size\">Wsp\u00f3\u0142praca z neurologoped\u0105 to kolejny krok w naszym d\u0105\u017ceniu do holistycznego podej\u015bcia do zdrowia i komfortu pacjent\u00f3w. Nasz zesp\u00f3\u0142 specjalist\u00f3w \u2013 stomatolodzy i neurologopedzi \u2013 \u0142\u0105czy wiedz\u0119 i do\u015bwiadczenie, aby zapewni\u0107 kompleksow\u0105 opiek\u0119 w zakresie:<\/p>\n\n\n\n<p class=\"has-medium-font-size\"><img loading=\"lazy\" decoding=\"async\" height=\"16\" width=\"16\" alt=\"&#x1f445;\" src=\"https:\/\/static.xx.fbcdn.net\/images\/emoji.php\/v9\/ta6\/1.5\/16\/1f445.png\"> Diagnostyki i terapii wad wymowy u dzieci i doros\u0142ych,<\/p>\n\n\n\n<p class=\"has-medium-font-size\"><img loading=\"lazy\" decoding=\"async\" height=\"16\" width=\"16\" alt=\"&#x1f445;\" src=\"https:\/\/static.xx.fbcdn.net\/images\/emoji.php\/v9\/ta6\/1.5\/16\/1f445.png\"> Korekcji wad zgryzu i nieprawid\u0142owo\u015bci w u\u0142o\u017ceniu j\u0119zyka,<\/p>\n\n\n\n<p class=\"has-medium-font-size\"><img loading=\"lazy\" decoding=\"async\" height=\"16\" width=\"16\" alt=\"&#x1f445;\" src=\"https:\/\/static.xx.fbcdn.net\/images\/emoji.php\/v9\/ta6\/1.5\/16\/1f445.png\"> Leczenia zaburze\u0144 g\u0142osu i mowy,<\/p>\n\n\n\n<p class=\"has-medium-font-size\"><img loading=\"lazy\" decoding=\"async\" height=\"16\" width=\"16\" src=\"https:\/\/static.xx.fbcdn.net\/images\/emoji.php\/v9\/ta6\/1.5\/16\/1f445.png\" alt=\"&#x1f445;\"> Leczenie chrapania,<\/p>\n\n\n\n<p class=\"has-medium-font-size\"><img loading=\"lazy\" decoding=\"async\" height=\"16\" width=\"16\" alt=\"&#x1f445;\" src=\"https:\/\/static.xx.fbcdn.net\/images\/emoji.php\/v9\/ta6\/1.5\/16\/1f445.png\"> Terapii po urazach twarzy i szyi,<\/p>\n\n\n\n<p class=\"has-medium-font-size\"><img loading=\"lazy\" decoding=\"async\" height=\"16\" width=\"16\" alt=\"&#x1f445;\" src=\"https:\/\/static.xx.fbcdn.net\/images\/emoji.php\/v9\/ta6\/1.5\/16\/1f445.png\"> Pomocy w radzeniu sobie z bruksizmem.<\/p>\n\n\n\n<p class=\"has-medium-font-size\">Zapraszamy do Inflancka 4 Dental Clinic!<\/p>\n\n\n\n<p class=\"has-medium-font-size\">Je\u015bli Ty lub Twoje dziecko borykacie si\u0119 z problemami w obr\u0119bie jamy ustnej, j\u0119zyka lub mowy, skontaktuj si\u0119 z nami. Nasi specjali\u015bci ch\u0119tnie odpowiedz\u0105 na wszystkie pytania i pomog\u0105 w wyborze odpowiedniej terapii.<\/p>\n\n\n\n<p class=\"has-medium-font-size\">Um\u00f3w si\u0119 na konsultacj\u0119:<\/p>\n\n\n\n<p class=\"has-medium-font-size\"><img loading=\"lazy\" decoding=\"async\" height=\"16\" width=\"16\" alt=\"&#x260e;&#xfe0f;\" src=\"https:\/\/static.xx.fbcdn.net\/images\/emoji.php\/v9\/ta9\/1.5\/16\/260e.png\"> Telefonicznie: +48 500 208 900<\/p>\n\n\n\n<p class=\"has-medium-font-size\">Inflancka 4 Dental Clinic &#8211; Tw\u00f3j stomatolog we Wroc\u0142awiu!<\/p>\n\n\n\n<p class=\"has-medium-font-size\">Zapraszamy! <\/p>\n\n\n\n<p><\/p>\n","protected":false},"excerpt":{"rendered":"<p>W Inflancka 4 Dental Clinic wierzymy, \u017ce zdrowie i komfort jamy ustnej s\u0105 nierozerwalnie zwi\u0105zane z prawid\u0142ow\u0105 funkcj\u0105 j\u0119zyka i mowy. Dlatego te\u017c z &hellip; <a href=\"https:\/\/inflancka4.pl\/index.php\/2024\/02\/22\/wspolpraca-naszych-stomatologow-z-neurologopeda-holistyczne-podejscie-do-zdrowia-i-komfortu\/\" class=\"readmore\">More <span class=\"screen-reader-text\">Wsp\u00f3\u0142praca naszych stomatolog\u00f3w z neurologoped\u0105 &#8211; holistyczne podej\u015bcie do zdrowia i komfortu<\/span> &raquo;<\/a><\/p>\n","protected":false},"author":1,"featured_media":0,"comment_status":"open","ping_status":"open","sticky":false,"template":"","format":"standard","meta":{"_monsterinsights_skip_tracking":false,"_monsterinsights_sitenote_active":false,"_monsterinsights_sitenote_note":"","_monsterinsights_sitenote_category":0,"footnotes":""},"categories":[1],"tags":[],"table_tags":[],"class_list":["post-1502","post","type-post","status-publish","format-standard","hentry","category-bez-kategorii"],"aioseo_notices":[],"_links":{"self":[{"href":"https:\/\/inflancka4.pl\/index.php\/wp-json\/wp\/v2\/posts\/1502","targetHints":{"allow":["GET"]}}],"collection":[{"href":"https:\/\/inflancka4.pl\/index.php\/wp-json\/wp\/v2\/posts"}],"about":[{"href":"https:\/\/inflancka4.pl\/index.php\/wp-json\/wp\/v2\/types\/post"}],"author":[{"embeddable":true,"href":"https:\/\/inflancka4.pl\/index.php\/wp-json\/wp\/v2\/users\/1"}],"replies":[{"embeddable":true,"href":"https:\/\/inflancka4.pl\/index.php\/wp-json\/wp\/v2\/comments?post=1502"}],"version-history":[{"count":2,"href":"https:\/\/inflancka4.pl\/index.php\/wp-json\/wp\/v2\/posts\/1502\/revisions"}],"predecessor-version":[{"id":1505,"href":"https:\/\/inflancka4.pl\/index.php\/wp-json\/wp\/v2\/posts\/1502\/revisions\/1505"}],"wp:attachment":[{"href":"https:\/\/inflancka4.pl\/index.php\/wp-json\/wp\/v2\/media?parent=1502"}],"wp:term":[{"taxonomy":"category","embeddable":true,"href":"https:\/\/inflancka4.pl\/index.php\/wp-json\/wp\/v2\/categories?post=1502"},{"taxonomy":"post_tag","embeddable":true,"href":"https:\/\/inflancka4.pl\/index.php\/wp-json\/wp\/v2\/tags?post=1502"},{"taxonomy":"table_tags","embeddable":true,"href":"https:\/\/inflancka4.pl\/index.php\/wp-json\/wp\/v2\/table_tags?post=1502"}],"curies":[{"name":"wp","href":"https:\/\/api.w.org\/{rel}","templated":true}]}}